{"id":22059,"date":"2020-06-10T15:42:00","date_gmt":"2020-06-10T15:42:00","guid":{"rendered":"https:\/\/www.trccompanies.com\/insights\/pourparlers-de-la-cvr-surveillance-de-la-qualite-de-lair-interieur-en-temps-reel-basee-sur-des-capteurs\/"},"modified":"2024-11-27T14:17:56","modified_gmt":"2024-11-27T14:17:56","slug":"pourparlers-de-la-cvr-surveillance-de-la-qualite-de-lair-interieur-en-temps-reel-basee-sur-des-capteurs","status":"publish","type":"news-and-insights","link":"https:\/\/www.trccompanies.com\/fr\/insights\/pourparlers-de-la-cvr-surveillance-de-la-qualite-de-lair-interieur-en-temps-reel-basee-sur-des-capteurs\/","title":{"rendered":"Pourparlers de la CVR \u2013 Surveillance de la qualit\u00e9 de l\u2019air int\u00e9rieur en temps r\u00e9el bas\u00e9e sur des capteurs"},"content":{"rendered":"<!-- Start Block: acf\/wysiwyg -->\n\n<section class=\"wysiwyg section-padding bg-white\">\n    <div class=\"container-fluid\">\n        \n        <div class=\"row\">\n                        <div class=\"col-lg-12\">\n                                                                                \n                                                <\/div>\n\n                            <div class=\"col-lg-12 js-animated-content animated-content\">\n                                    <\/div>\n                                <\/div>\n\n            <\/div>\n<\/section>\n<!-- End Block: acf\/wysiwyg --><!-- Start Block: acf\/innerpage-half-text-half-media -->\n    <section class=\"half-video-text section-padding js-half-video-text bg-white\">\n        <div class=\"container-fluid\">\n            <div class=\"half-video-text-wrapper \">\n                <div class=\"half-video-text-image\">\n                    <div class=\"half-video-text-image-main\">\n                        <div class=\"half-video-text-image__arrow js-half-video-text-arrow-front\">\n                            <span class=\"top-b\"><\/span>\n                            <span class=\"bottom-b\"><\/span>\n                            <span class=\"left-b\"><\/span>\n                            <span class=\"right-b\"><\/span>\n                        <\/div>\n                        <img decoding=\"async\" width=\"1600\" height=\"900\" src=\"https:\/\/www.trccompanies.com\/wp-content\/uploads\/2024\/08\/35398776-ep-1-cover_youtube.jpg\" class=\"object-fit\" alt=\"35398776-ep-1-cover_youtube\" srcset=\"https:\/\/www.trccompanies.com\/wp-content\/uploads\/2024\/08\/35398776-ep-1-cover_youtube.jpg 1600w, https:\/\/www.trccompanies.com\/wp-content\/uploads\/2024\/08\/35398776-ep-1-cover_youtube-300x169.jpg 300w, https:\/\/www.trccompanies.com\/wp-content\/uploads\/2024\/08\/35398776-ep-1-cover_youtube-1024x576.jpg 1024w, https:\/\/www.trccompanies.com\/wp-content\/uploads\/2024\/08\/35398776-ep-1-cover_youtube-768x432.jpg 768w, https:\/\/www.trccompanies.com\/wp-content\/uploads\/2024\/08\/35398776-ep-1-cover_youtube-1536x864.jpg 1536w, https:\/\/www.trccompanies.com\/wp-content\/uploads\/2024\/08\/35398776-ep-1-cover_youtube-1067x600.jpg 1067w\" sizes=\"(max-width: 1600px) 100vw, 1600px\" \/>                        <div class=\"half-video-text-image__arrow js-half-video-text-arrow-back\">\n                            <span class=\"top\"><\/span>\n                            <span class=\"bottom\"><\/span>\n                            <span class=\"left\"><\/span>\n                            <span class=\"right\"><\/span>\n                        <\/div>\n                        <a class=\"video-bttn external\" data-fancybox=\"\" href=\"https:\/\/youtu.be\/Rub9J4yiiEw\" target=\"_blank\" rel=\"noopener\">\n                            <img decoding=\"async\" width=\"156\" height=\"156\" src=\"https:\/\/www.trccompanies.com\/wp-content\/uploads\/2024\/08\/video-bttn.svg\" class=\"video-bttn-desk\" alt=\"video-bttn\" \/>                            <img decoding=\"async\" width=\"99\" height=\"99\" src=\"https:\/\/www.trccompanies.com\/wp-content\/uploads\/2024\/08\/video-bttn02.png\" class=\"video-bttn-mob\" alt=\"video-bttn02\" \/>                        <\/a>\n                    <\/div>\n                <\/div>\n                <div class=\"half-video-text-content\">\n                    <div class=\"half-video-text-content-wrapper js-animated-content animated-content\">\n                        <div class=\"option-links\">\n                            <ul>\n                                                            <\/ul>\n                        <\/div>\n                        <h2>Pourparlers de la CVR<\/h2>\n<p>Surveillance de la qualit\u00e9 de l\u2019air int\u00e9rieur en temps r\u00e9el bas\u00e9e sur un capteur<\/p>\n                    <\/div>\n                <\/div>\n            <\/div>\n        <\/div>\n    <\/section>\n\n<!-- End Block: acf\/innerpage-half-text-half-media --><!-- Start Block: acf\/innerpage-promotion-blocks -->\n\n<section class=\"cta-right-image-text\">\n    <div class=\"cta-right-image-text__wrap\">\n        <div class=\"cta-right-image-text__text\">\n            <div class=\"cta-right-image-text__text__wrap js-animated-content animated-content\">\n                <h2>En savoir plus de nos experts techniques<\/h2>\n<p>TRC collabore avec des entreprises de capteurs tierces et des organismes de recherche pour produire des plateformes de surveillance de la qualit\u00e9 de l\u2019air de prochaine g\u00e9n\u00e9ration. Ces r\u00e9seaux de capteurs fourniront aux utilisateurs des donn\u00e9es en temps r\u00e9el sur une plate-forme s\u00e9curis\u00e9e et personnalis\u00e9e qui leur permettra de faire progresser la gestion de l\u2019automatisation des b\u00e2timents, des bases de la gestion de l\u2019\u00e9nergie aux niveaux avanc\u00e9s d\u2019att\u00e9nuation des menaces biologiques. <\/p>\n<p><a class=\"btn btn-primary\" href=\"https:\/\/www2.trccompanies.com\/CORE-Newsletter-SignUp-Page\" target=\"_blank\" rel=\"noopener\">Inscrivez-vous aujourd\u2019hui<\/a><\/p>\n            <\/div>\n        <\/div>\n        <div class=\"cta-right-image-text__image\">\n            <img decoding=\"async\" width=\"2119\" height=\"1414\" src=\"https:\/\/www.trccompanies.com\/wp-content\/uploads\/2024\/08\/GettyImages-1138823692.jpg\" class=\"object-fit\" alt=\"GettyImages-1138823692\" srcset=\"https:\/\/www.trccompanies.com\/wp-content\/uploads\/2024\/08\/GettyImages-1138823692.jpg 2119w, https:\/\/www.trccompanies.com\/wp-content\/uploads\/2024\/08\/GettyImages-1138823692-300x200.jpg 300w, https:\/\/www.trccompanies.com\/wp-content\/uploads\/2024\/08\/GettyImages-1138823692-1024x683.jpg 1024w, https:\/\/www.trccompanies.com\/wp-content\/uploads\/2024\/08\/GettyImages-1138823692-768x512.jpg 768w, https:\/\/www.trccompanies.com\/wp-content\/uploads\/2024\/08\/GettyImages-1138823692-1536x1025.jpg 1536w, https:\/\/www.trccompanies.com\/wp-content\/uploads\/2024\/08\/GettyImages-1138823692-2048x1367.jpg 2048w, https:\/\/www.trccompanies.com\/wp-content\/uploads\/2024\/08\/GettyImages-1138823692-899x600.jpg 899w\" sizes=\"(max-width: 2119px) 100vw, 2119px\" \/>            <span class=\"top\"><\/span>\n            <span class=\"bottom\"><\/span>\n            <span class=\"left\"><\/span>\n            <span class=\"right\"><\/span>\n        <\/div>\n    <\/div>\n<\/section>\n\n<!-- End Block: acf\/innerpage-promotion-blocks --><!-- Start Block: acf\/wysiwyg -->\n\n<section class=\"wysiwyg section-padding bg-violet\">\n    <div class=\"container-fluid\">\n        \n        <div class=\"row\">\n                        <div class=\"col-lg-12\">\n                                                                                \n                                                <\/div>\n\n                            <div class=\"col-lg-12 js-animated-content animated-content\">\n                    <h2>Tests d\u2019air pour le virus qui cause la COVID-19<\/h2>\n<p>TRC a mis au point le premier test d\u2019air disponible dans le commerce pour d\u00e9tecter sp\u00e9cifiquement le SRAS-CoV-2, le virus qui cause la COVID-19.<\/p>\n<p><a class=\"btn btn-primary\" href=\"https:\/\/www.trccompanies.com\/fr\/attachment-posts\/trc-talks-air-testing-for-the-virus-that-causes-covid-19\/\">Lire la suite<\/a><\/p>\n                <\/div>\n                                <\/div>\n\n            <\/div>\n<\/section>\n<!-- End Block: acf\/wysiwyg --><!-- Start Block: acf\/wysiwyg -->\n\n<section class=\"wysiwyg section-padding bg-violet\">\n    <div class=\"container-fluid\">\n        \n        <div class=\"row\">\n                        <div class=\"col-lg-12\">\n                                                                                \n                                                <\/div>\n\n                            <div class=\"col-lg-12 js-animated-content animated-content\">\n                    <h2>Surveillance de la qualit\u00e9 de l\u2019air int\u00e9rieur bas\u00e9e sur un capteur<\/h2>\n<p>Nouvelles technologies et solutions pour la d\u00e9tection en temps r\u00e9el des bioa\u00e9rosols comme les bact\u00e9ries, les virus et les spores fongiques.<\/p>\n<p><a class=\"btn btn-primary\" href=\"https:\/\/www.trccompanies.com\/fr\/insights\/pourparlers-de-la-cvr-surveillance-de-la-qualite-de-lair-interieur-en-temps-reel-basee-sur-des-capteurs\/\">Lire la suite<\/a><\/p>\n                <\/div>\n                                <\/div>\n\n            <\/div>\n<\/section>\n<!-- End Block: acf\/wysiwyg --><!-- Start Block: acf\/innerpage-related-materials -->\n<section class=\"material-cards bg-blanc-brouillard\">\n    <div class=\"container-fluid js-animated-content animated-content\">\n        <div class=\"material-cards__headlines has-limited-item js-animated-content animated-content\">\n            <div class=\"material-card__content js-animated-content animated-content\">\n                <h3>Documents connexes<\/h3>\n            <\/div>\n            <div class=\"material-card__link\">\n                            <\/div>\n        <\/div>\n        <div class=\"row  js-related-marterial-container \" data-item=\"3\">\n                        <div class=\"col-xxs-12 col-lg-4 material-card-item\">\n                <div class=\"material-card\">\n                                            <div class=\"material-card__details \">\n                            <h5 class=\"material-card__title\">\n                                <img decoding=\"async\" width=\"30\" height=\"30\" src=\"https:\/\/www.trccompanies.com\/wp-content\/uploads\/2024\/08\/picture_as_pdf_24dp-black.svg\" class=\"attachment-full size-full\" alt=\"picture_as_pdf_24dp-black\" \/>                                Analyse et consultation sur la qualit\u00e9 de l\u2019air int\u00e9rieur bas\u00e9e sur des capteurs                            <\/h5>\n                            <p class=\"material-card__description\">Publi\u00e9 avril 17, 2020<\/p>\n                        <\/div>\n                        <div class=\"material-card__bttn\">\n                                                        <a href=\"\" target=\"_blank\"><span>t\u00e9l\u00e9charger le fichier<\/span><img decoding=\"async\" width=\"28\" height=\"28\" src=\"https:\/\/www.trccompanies.com\/wp-content\/uploads\/2024\/08\/sim_card_download_24dp-black.svg\" class=\"attachment-full size-full\" alt=\"sim_card_download_24dp-black\" \/><\/a>\n                        <\/div>\n                                    <\/div>\n            <\/div>\n                    <\/div>\n\n        <div class=\"material-cards__bottom text-right hidden-lg\">\n                    <\/div>\n    <\/div>\n<\/section>\n<!-- End Block: acf\/innerpage-related-materials --><!-- Start Block: acf\/innerpage-cta-bar -->\n<section class=\"global-cta innerpage-cta cta-purple\">\n    <div class=\"container-fluid\">\n        <div class=\"global-cta-wrapper  \">\n                                            <h2>S&rsquo;adapter au <br>changement<\/h2>\n                                <div class=\"global-cta-image\">\n                    <svg xmlns=\"http:\/\/www.w3.org\/2000\/svg\" xmlns:xlink=\"http:\/\/www.w3.org\/1999\/xlink\" width=\"316.566\" height=\"369\" viewBox=\"0 0 316.566 369\">\n                        <defs>\n                            <pattern id=\"pattern\" width=\"1\" height=\"1\" viewBox=\"117.006 0 316.566 369\">\n                                <image preserveAspectRatio=\"xMidYMid slice\" width=\"655.35\" height=\"369\" href=\"https:\/\/www.trccompanies.com\/wp-content\/uploads\/2024\/08\/GettyImages-858526182.jpg\"><\/image>\n                            <\/pattern>\n                        <\/defs>\n                        <path id=\"Union_8\" data-name=\"Union 8\" d=\"M72.087,369,206.869,190.294h109.7L182.891,369ZM0,195.818H68.4l28.66,44.507L68.4,286.43Zm0-10.747L68.4,94.466l28.66,46.1L68.4,185.071Zm205.769-6.365L72.087,0h109.7L316.566,178.706Z\" fill=\"url(#pattern)\"\/>\n                    <\/svg>\n                <\/div>\n                <div class=\"global-cta-content\">\n                    <p>Collaborez avec les praticiens test\u00e9s de TRC<\/p>\n                    <p>\n                        <a href=\"https:\/\/www.trccompanies.com\/contact-us\/\" title=\"Contactez-nous\" class=\"btn btn-primary\" >Contactez-nous<\/a>                    <\/p>\n                <\/div>\n                        \n        <\/div>\n    <\/div>\n<\/section>\n\n<!-- End Block: acf\/innerpage-cta-bar --><!-- Start Block: acf\/innerpage-news-and-insights -->\n<section class=\"image-cards image-cards--news-and-insights section-margins image-cards--with-slider image-cards--innerpage\">\n    <div class=\"container-fluid\">\n        <div class=\"image-cards__wrap\">\n            <div class=\"image-cards__left\">\n                <div>\n                    <h2>Partager nos perspectives<\/h2>\n<p>Nos praticiens partagent leurs id\u00e9es et leurs points de vue sur les tendances et les d\u00e9fis qui fa\u00e7onnent le march\u00e9.<\/p>\n                <\/div>\n                                <div class=\"image-cards__btn\">\n                    <a href=\"https:\/\/www.trccompanies.com\/insights\/\" title=\"Voir plus\" class=\"btn btn-tertiary\" >Voir plus<\/a>                <\/div>\n                            <\/div>\n                            <div class=\"image-cards__right\">\n                    <div class=\"js-image-cards-slider fx-slider\">\n                                            <\/div>\n                <\/div>\n                    <\/div>\n    <\/div>\n<\/section>\n<!-- End Block: acf\/innerpage-news-and-insights -->","protected":false},"excerpt":{"rendered":"<p>Au cours de cette \u00e9pid\u00e9mie sans pr\u00e9c\u00e9dent de la maladie \u00e0 coronavirus (COVID-19), les entreprises repensent les approches de gestion des installations pour inclure l\u2019hygi\u00e8ne industrielle et les pratiques de sant\u00e9 et de s\u00e9curit\u00e9.  <\/p>\n","protected":false},"featured_media":6740,"template":"","tags":[885],"news-and-insights-category":[828],"services-category":[],"custom_category":[],"class_list":["post-22059","news-and-insights","type-news-and-insights","status-publish","has-post-thumbnail","hentry","tag-qualite-de-lair-interieur","news-and-insights-category-videos-fr"],"acf":[],"yoast_head":"<!-- This site is optimized with the Yoast SEO plugin v26.9 - https:\/\/yoast.com\/product\/yoast-seo-wordpress\/ -->\n<title>Pourparlers de la CVR \u2013 Surveillance de la qualit\u00e9 de l\u2019air int\u00e9rieur en temps r\u00e9el bas\u00e9e sur des capteurs<\/title>\n<meta name=\"description\" content=\"Au cours de cette \u00e9pid\u00e9mie sans pr\u00e9c\u00e9dent de la maladie \u00e0 coronavirus (COVID-19), les entreprises repensent les approches de gestion des installations pour inclure l\u2019hygi\u00e8ne industrielle et les pratiques de sant\u00e9 et de s\u00e9curit\u00e9.\" \/>\n<meta name=\"robots\" content=\"index, follow, max-snippet:-1, max-image-preview:large, max-video-preview:-1\" \/>\n<link rel=\"canonical\" href=\"https:\/\/www.trccompanies.com\/fr\/insights\/pourparlers-de-la-cvr-surveillance-de-la-qualite-de-lair-interieur-en-temps-reel-basee-sur-des-capteurs\/\" \/>\n<meta property=\"og:locale\" content=\"fr_CA\" \/>\n<meta property=\"og:type\" content=\"article\" \/>\n<meta property=\"og:title\" content=\"Pourparlers de la CVR \u2013 Surveillance de la qualit\u00e9 de l\u2019air int\u00e9rieur en temps r\u00e9el bas\u00e9e sur des capteurs\" \/>\n<meta property=\"og:description\" content=\"Au cours de cette \u00e9pid\u00e9mie sans pr\u00e9c\u00e9dent de la maladie \u00e0 coronavirus (COVID-19), les entreprises repensent les approches de gestion des installations pour inclure l\u2019hygi\u00e8ne industrielle et les pratiques de sant\u00e9 et de s\u00e9curit\u00e9.\" \/>\n<meta property=\"og:url\" content=\"https:\/\/www.trccompanies.com\/fr\/insights\/pourparlers-de-la-cvr-surveillance-de-la-qualite-de-lair-interieur-en-temps-reel-basee-sur-des-capteurs\/\" \/>\n<meta property=\"og:site_name\" content=\"TRC Companies\" \/>\n<meta property=\"article:modified_time\" content=\"2024-11-27T14:17:56+00:00\" \/>\n<meta property=\"og:image\" content=\"https:\/\/www.trccompanies.com\/wp-content\/uploads\/2024\/08\/GettyImages-1991968022.jpg\" \/>\n\t<meta property=\"og:image:width\" content=\"2405\" \/>\n\t<meta property=\"og:image:height\" content=\"1247\" \/>\n\t<meta property=\"og:image:type\" content=\"image\/jpeg\" \/>\n<meta name=\"twitter:card\" content=\"summary_large_image\" \/>\n<script type=\"application\/ld+json\" class=\"yoast-schema-graph\">{\"@context\":\"https:\/\/schema.org\",\"@graph\":[{\"@type\":\"WebPage\",\"@id\":\"https:\/\/www.trccompanies.com\/fr\/insights\/pourparlers-de-la-cvr-surveillance-de-la-qualite-de-lair-interieur-en-temps-reel-basee-sur-des-capteurs\/\",\"url\":\"https:\/\/www.trccompanies.com\/fr\/insights\/pourparlers-de-la-cvr-surveillance-de-la-qualite-de-lair-interieur-en-temps-reel-basee-sur-des-capteurs\/\",\"name\":\"Pourparlers de la CVR \u2013 Surveillance de la qualit\u00e9 de l\u2019air int\u00e9rieur en temps r\u00e9el bas\u00e9e sur des capteurs\",\"isPartOf\":{\"@id\":\"https:\/\/www.trccompanies.com\/fr\/#website\"},\"primaryImageOfPage\":{\"@id\":\"https:\/\/www.trccompanies.com\/fr\/insights\/pourparlers-de-la-cvr-surveillance-de-la-qualite-de-lair-interieur-en-temps-reel-basee-sur-des-capteurs\/#primaryimage\"},\"image\":{\"@id\":\"https:\/\/www.trccompanies.com\/fr\/insights\/pourparlers-de-la-cvr-surveillance-de-la-qualite-de-lair-interieur-en-temps-reel-basee-sur-des-capteurs\/#primaryimage\"},\"thumbnailUrl\":\"https:\/\/www.trccompanies.com\/wp-content\/uploads\/2024\/08\/GettyImages-1991968022.jpg\",\"datePublished\":\"2020-06-10T15:42:00+00:00\",\"dateModified\":\"2024-11-27T14:17:56+00:00\",\"description\":\"Au cours de cette \u00e9pid\u00e9mie sans pr\u00e9c\u00e9dent de la maladie \u00e0 coronavirus (COVID-19), les entreprises repensent les approches de gestion des installations pour inclure l\u2019hygi\u00e8ne industrielle et les pratiques de sant\u00e9 et de s\u00e9curit\u00e9.\",\"inLanguage\":\"fr-CA\",\"potentialAction\":[{\"@type\":\"ReadAction\",\"target\":[\"https:\/\/www.trccompanies.com\/fr\/insights\/pourparlers-de-la-cvr-surveillance-de-la-qualite-de-lair-interieur-en-temps-reel-basee-sur-des-capteurs\/\"]}]},{\"@type\":\"ImageObject\",\"inLanguage\":\"fr-CA\",\"@id\":\"https:\/\/www.trccompanies.com\/fr\/insights\/pourparlers-de-la-cvr-surveillance-de-la-qualite-de-lair-interieur-en-temps-reel-basee-sur-des-capteurs\/#primaryimage\",\"url\":\"https:\/\/www.trccompanies.com\/wp-content\/uploads\/2024\/08\/GettyImages-1991968022.jpg\",\"contentUrl\":\"https:\/\/www.trccompanies.com\/wp-content\/uploads\/2024\/08\/GettyImages-1991968022.jpg\",\"width\":2405,\"height\":1247,\"caption\":\"Look through the magnifying glass to the Particle of dust and dirt inside of an air conditioner. PM2.5 pollution in living room. Poor air quality causes respiratory diseases.\"},{\"@type\":\"WebSite\",\"@id\":\"https:\/\/www.trccompanies.com\/fr\/#website\",\"url\":\"https:\/\/www.trccompanies.com\/fr\/\",\"name\":\"TRC Companies\",\"description\":\"\",\"potentialAction\":[{\"@type\":\"SearchAction\",\"target\":{\"@type\":\"EntryPoint\",\"urlTemplate\":\"https:\/\/www.trccompanies.com\/fr\/?s={search_term_string}\"},\"query-input\":{\"@type\":\"PropertyValueSpecification\",\"valueRequired\":true,\"valueName\":\"search_term_string\"}}],\"inLanguage\":\"fr-CA\"}]}<\/script>\n<!-- \/ Yoast SEO plugin. -->","yoast_head_json":{"title":"Pourparlers de la CVR \u2013 Surveillance de la qualit\u00e9 de l\u2019air int\u00e9rieur en temps r\u00e9el bas\u00e9e sur des capteurs","description":"Au cours de cette \u00e9pid\u00e9mie sans pr\u00e9c\u00e9dent de la maladie \u00e0 coronavirus (COVID-19), les entreprises repensent les approches de gestion des installations pour inclure l\u2019hygi\u00e8ne industrielle et les pratiques de sant\u00e9 et de s\u00e9curit\u00e9.","robots":{"index":"index","follow":"follow","max-snippet":"max-snippet:-1","max-image-preview":"max-image-preview:large","max-video-preview":"max-video-preview:-1"},"canonical":"https:\/\/www.trccompanies.com\/fr\/insights\/pourparlers-de-la-cvr-surveillance-de-la-qualite-de-lair-interieur-en-temps-reel-basee-sur-des-capteurs\/","og_locale":"fr_CA","og_type":"article","og_title":"Pourparlers de la CVR \u2013 Surveillance de la qualit\u00e9 de l\u2019air int\u00e9rieur en temps r\u00e9el bas\u00e9e sur des capteurs","og_description":"Au cours de cette \u00e9pid\u00e9mie sans pr\u00e9c\u00e9dent de la maladie \u00e0 coronavirus (COVID-19), les entreprises repensent les approches de gestion des installations pour inclure l\u2019hygi\u00e8ne industrielle et les pratiques de sant\u00e9 et de s\u00e9curit\u00e9.","og_url":"https:\/\/www.trccompanies.com\/fr\/insights\/pourparlers-de-la-cvr-surveillance-de-la-qualite-de-lair-interieur-en-temps-reel-basee-sur-des-capteurs\/","og_site_name":"TRC Companies","article_modified_time":"2024-11-27T14:17:56+00:00","og_image":[{"width":2405,"height":1247,"url":"https:\/\/www.trccompanies.com\/wp-content\/uploads\/2024\/08\/GettyImages-1991968022.jpg","type":"image\/jpeg"}],"twitter_card":"summary_large_image","schema":{"@context":"https:\/\/schema.org","@graph":[{"@type":"WebPage","@id":"https:\/\/www.trccompanies.com\/fr\/insights\/pourparlers-de-la-cvr-surveillance-de-la-qualite-de-lair-interieur-en-temps-reel-basee-sur-des-capteurs\/","url":"https:\/\/www.trccompanies.com\/fr\/insights\/pourparlers-de-la-cvr-surveillance-de-la-qualite-de-lair-interieur-en-temps-reel-basee-sur-des-capteurs\/","name":"Pourparlers de la CVR \u2013 Surveillance de la qualit\u00e9 de l\u2019air int\u00e9rieur en temps r\u00e9el bas\u00e9e sur des capteurs","isPartOf":{"@id":"https:\/\/www.trccompanies.com\/fr\/#website"},"primaryImageOfPage":{"@id":"https:\/\/www.trccompanies.com\/fr\/insights\/pourparlers-de-la-cvr-surveillance-de-la-qualite-de-lair-interieur-en-temps-reel-basee-sur-des-capteurs\/#primaryimage"},"image":{"@id":"https:\/\/www.trccompanies.com\/fr\/insights\/pourparlers-de-la-cvr-surveillance-de-la-qualite-de-lair-interieur-en-temps-reel-basee-sur-des-capteurs\/#primaryimage"},"thumbnailUrl":"https:\/\/www.trccompanies.com\/wp-content\/uploads\/2024\/08\/GettyImages-1991968022.jpg","datePublished":"2020-06-10T15:42:00+00:00","dateModified":"2024-11-27T14:17:56+00:00","description":"Au cours de cette \u00e9pid\u00e9mie sans pr\u00e9c\u00e9dent de la maladie \u00e0 coronavirus (COVID-19), les entreprises repensent les approches de gestion des installations pour inclure l\u2019hygi\u00e8ne industrielle et les pratiques de sant\u00e9 et de s\u00e9curit\u00e9.","inLanguage":"fr-CA","potentialAction":[{"@type":"ReadAction","target":["https:\/\/www.trccompanies.com\/fr\/insights\/pourparlers-de-la-cvr-surveillance-de-la-qualite-de-lair-interieur-en-temps-reel-basee-sur-des-capteurs\/"]}]},{"@type":"ImageObject","inLanguage":"fr-CA","@id":"https:\/\/www.trccompanies.com\/fr\/insights\/pourparlers-de-la-cvr-surveillance-de-la-qualite-de-lair-interieur-en-temps-reel-basee-sur-des-capteurs\/#primaryimage","url":"https:\/\/www.trccompanies.com\/wp-content\/uploads\/2024\/08\/GettyImages-1991968022.jpg","contentUrl":"https:\/\/www.trccompanies.com\/wp-content\/uploads\/2024\/08\/GettyImages-1991968022.jpg","width":2405,"height":1247,"caption":"Look through the magnifying glass to the Particle of dust and dirt inside of an air conditioner. PM2.5 pollution in living room. Poor air quality causes respiratory diseases."},{"@type":"WebSite","@id":"https:\/\/www.trccompanies.com\/fr\/#website","url":"https:\/\/www.trccompanies.com\/fr\/","name":"TRC Companies","description":"","potentialAction":[{"@type":"SearchAction","target":{"@type":"EntryPoint","urlTemplate":"https:\/\/www.trccompanies.com\/fr\/?s={search_term_string}"},"query-input":{"@type":"PropertyValueSpecification","valueRequired":true,"valueName":"search_term_string"}}],"inLanguage":"fr-CA"}]}},"_links":{"self":[{"href":"https:\/\/www.trccompanies.com\/fr\/wp-json\/wp\/v2\/news-and-insights\/22059","targetHints":{"allow":["GET"]}}],"collection":[{"href":"https:\/\/www.trccompanies.com\/fr\/wp-json\/wp\/v2\/news-and-insights"}],"about":[{"href":"https:\/\/www.trccompanies.com\/fr\/wp-json\/wp\/v2\/types\/news-and-insights"}],"version-history":[{"count":0,"href":"https:\/\/www.trccompanies.com\/fr\/wp-json\/wp\/v2\/news-and-insights\/22059\/revisions"}],"wp:featuredmedia":[{"embeddable":true,"href":"https:\/\/www.trccompanies.com\/fr\/wp-json\/wp\/v2\/media\/6740"}],"wp:attachment":[{"href":"https:\/\/www.trccompanies.com\/fr\/wp-json\/wp\/v2\/media?parent=22059"}],"wp:term":[{"taxonomy":"post_tag","embeddable":true,"href":"https:\/\/www.trccompanies.com\/fr\/wp-json\/wp\/v2\/tags?post=22059"},{"taxonomy":"news-and-insights-category","embeddable":true,"href":"https:\/\/www.trccompanies.com\/fr\/wp-json\/wp\/v2\/news-and-insights-category?post=22059"},{"taxonomy":"services-category","embeddable":true,"href":"https:\/\/www.trccompanies.com\/fr\/wp-json\/wp\/v2\/services-category?post=22059"},{"taxonomy":"custom_category","embeddable":true,"href":"https:\/\/www.trccompanies.com\/fr\/wp-json\/wp\/v2\/custom_category?post=22059"}],"curies":[{"name":"wp","href":"https:\/\/api.w.org\/{rel}","templated":true}]}}