{"id":1334,"date":"2021-03-01T16:01:18","date_gmt":"2021-03-01T16:01:18","guid":{"rendered":"https:\/\/www.trccompanies.com\/insights\/the-view-on-climate-change-has-changed-in-washington\/"},"modified":"2024-12-12T14:45:56","modified_gmt":"2024-12-12T14:45:56","slug":"the-view-on-climate-change-has-changed-in-washington","status":"publish","type":"news-and-insights","link":"https:\/\/www.trccompanies.com\/fr\/insights\/the-view-on-climate-change-has-changed-in-washington\/","title":{"rendered":"The View on Climate Change has Changed in Washington"},"content":{"rendered":"<!-- Start Block: acf\/wysiwyg -->\n\n<section class=\"wysiwyg section-padding bg-white\">\n    <div class=\"container-fluid\">\n        \n        <div class=\"row\">\n                            <div class=\"col-lg-8 columns js-animated-content animated-content\">\n                                        <p>The Biden Administration signals both a renewed and accelerated focus on climate change as evidenced by two recently issued Executive Orders: Executive Order 13990, \u201cProtecting Public Health and the Environment and Restoring Science To Tackle the Climate Crisis\u201d signed January 20, 2021 and published in the Federal Register on January 25, 2021, and Executive Order 14008, \u201cTackling the Climate Crisis at Home and Abroad\u201d signed January 27, 2021 and issued in the Federal Register on February 1, 2021. The Executive Orders are ambitious and far-reaching, providing a clear indication of the Administration\u2019s agenda \u2013 a shift towards a clean energy based economy through regulations, financial directives and incentives, a prepared and skilled workforce, with a commitment to social justice.<\/p>\n<p><a class=\"btn btn-primary\" href=\"https:\/\/www.trccompanies.com\/contact-us\/\">Contact Us<\/a><\/p>\n                <\/div>\n                <div class=\"col-lg-4 columns js-animated-content animated-content\">\n                                        <div class=\"wysiwyg__links js-animated-content animated-content\">\n                        <div class=\"wysiwyg__links__top \">\n                                                        <h4>Related Services<\/h4>\n                                                                                    <ul class=\"js-animated-content animated-content\">\n                                                                <li><a href=\"https:\/\/www.trccompanies.com\/markets\/power-and-utilities\/renewables\/hydropower\/\" target=\"_self\">Hydropower<\/a><\/li>\n                                                                <li><a href=\"https:\/\/www.trccompanies.com\/markets\/power-and-utilities\/renewables\/\" target=\"_self\">Renewables<\/a><\/li>\n                                                                <li><a href=\"https:\/\/www.trccompanies.com\/markets\/power-and-utilities\/renewables\/solar-power-development\/\" target=\"_self\">Solar Power Development<\/a><\/li>\n                                                            <\/ul>\n                                                    <\/div>\n                                                                                                            <div class=\"wysiwyg__links__bottom\">\n                                    <a href=\"https:\/\/www.trccompanies.com\/services\" target=\"_self\">View All Services<\/a>\n                                <\/div>\n                                                                                                <\/div>\n                <\/div>\n                    <\/div>\n\n            <\/div>\n<\/section>\n<!-- End Block: acf\/wysiwyg -->\n\n<!-- Start Block: acf\/wysiwyg -->\n\n<section class=\"wysiwyg section-padding bg-white-fog\">\n    <div class=\"container-fluid\">\n                    <div class=\"wysiwyg__wrapper\">\n        \n        <div class=\"row\">\n                        <div class=\"col-lg-12\">\n                                                                                \n                                                <\/div>\n\n                            <div class=\"col-lg-12 js-animated-content animated-content\">\n                    <h2>Clear Goals and Responsibilities and Recognition of the Social Cost of Greenhouse Gas Emissions<\/h2>\n<p>Executive Order 13390 sets goals to reduce greenhouse gas (GHG) emissions, bolsters resilience to the impacts of climate change and prioritizes both environmental justice and the creation of the well-paying union jobs necessary to deliver on these goals. The Executive Order directs the heads of each federal agency to immediately review actions of the Trump Administration that may be inconsistent with the identified goals and take action to eliminate those inconsistencies. Importantly, the Executive Order outlines a method to estimate monetized damages associated with incremental increases in GHG emissions, specifically identifying the social cost of carbon (SCC), the social cost of nitrous oxide (SCN) and the social cost of methane (SCM). The SCC during the Obama Administration was set at $42\/ton; the Trump Administration lowered the metric to $8\/ton. A SCC as high as $125\/ton has been rumored for the Biden Administration. At $125\/ton, negative impacts on natural gas use have been predicted.<\/p>\n                <\/div>\n                                <\/div>\n\n                    <\/div>\n            <\/div>\n<\/section>\n<!-- End Block: acf\/wysiwyg -->\n\n<!-- Start Block: acf\/innerpage-half-text-half-image -->\n\n<section class=\"half-and-half flex-row section-padding image-block-left bg-white text-column-one image-size-cover\">\n    <div class=\"half-and-half-image\">\n        <div class=\"half-and-half-image__wrap\">\n                                                <img decoding=\"async\" width=\"1024\" height=\"682\" src=\"https:\/\/www.trccompanies.com\/wp-content\/uploads\/2024\/08\/GettyImages-1354157284-1-1024x682.jpg\" class=\"object-fit\" alt=\"GettyImages-1354157284-1\" srcset=\"https:\/\/www.trccompanies.com\/wp-content\/uploads\/2024\/08\/GettyImages-1354157284-1-1024x682.jpg 1024w, https:\/\/www.trccompanies.com\/wp-content\/uploads\/2024\/08\/GettyImages-1354157284-1-300x200.jpg 300w, https:\/\/www.trccompanies.com\/wp-content\/uploads\/2024\/08\/GettyImages-1354157284-1-768x512.jpg 768w, https:\/\/www.trccompanies.com\/wp-content\/uploads\/2024\/08\/GettyImages-1354157284-1-1536x1024.jpg 1536w, https:\/\/www.trccompanies.com\/wp-content\/uploads\/2024\/08\/GettyImages-1354157284-1-900x600.jpg 900w, https:\/\/www.trccompanies.com\/wp-content\/uploads\/2024\/08\/GettyImages-1354157284-1.jpg 2000w\" sizes=\"(max-width: 1024px) 100vw, 1024px\" \/>                                    <\/div>\n    <\/div>\n    \n    <div class=\"half-and-half-text\">\n        <div class=\"half-and-half-text__wrapper js-animated-content animated-content\">\n                                        <h2>New Domestic and International Climate Policy and Direction<\/h2>\n<p>Executive Order 14008 provides key insights about the direction of both domestic and international US climate policy. From an international perspective, the US will rejoin the Paris Agreement, develop a Climate Finance Plan to assist developing countries, and identify steps the US can take to end international financing of carbon-intensive fossil fuel-based energy while simultaneously advancing sustainable development and a green recovery. Domestic policy reflects goals to create well-paying union jobs to build a modern and sustainable infrastructure, deliver an equitable, clean energy future and put the US on a path to achieve net-zero economy-wide emissions by no later than 2050. The Executive Order also includes domestic goals to turn disadvantaged and historically marginalized areas into healthy, thriving communities. The Order prompts agencies to undertake robust actions to mitigate climate change while preparing for the impacts of climate change and through the Justice40 Initiative, publish recommendations on how certain Federal investments might be made toward a goal that 40% of the overall benefits flow to disadvantaged communities.<\/p>\n                    <\/div>\n    <\/div>\n<\/section>\n<!-- End Block: acf\/innerpage-half-text-half-image -->\n\n<!-- Start Block: acf\/wysiwyg -->\n\n<section class=\"wysiwyg section-padding bg-light-gradient\">\n    <div class=\"container-fluid\">\n                    <div class=\"wysiwyg__wrapper\">\n        \n        <div class=\"row\">\n                        <div class=\"col-lg-12\">\n                                                                                \n                                                <\/div>\n\n                            <div class=\"col-lg-12 js-animated-content animated-content\">\n                    <h2>The Changing View Shapes a New Outlook<\/h2>\n<p>The Executive Orders identify the Administration\u2019s policies, potential regulatory actions and financial directives and incentives to address climate issues, infrastructure, workforce, and social justice both domestically and internationally. Both Executive Orders reflect a commitment to making climate, sustainability, and resiliency the foundation of the Biden Administration\u2019s agenda. The breadth, reach, and the potential commercial impact of the Executive Orders is evidenced by the required engagement of agencies that include the Departments of Agriculture, Energy, Justice, Labor, Transportation and the Environmental Protection Agency.<\/p>\n<p>TRC is fully prepared to assist you and your organization to address the current, and likely growing, climate, sustainability and resiliency focus of the Biden Administration agenda. Whether your organization desires \u00a0to set targets with a greenhouse gas emissions inventory, seeks information about the impact of climate change on operations, invest in clean energy or hardening of assets, or document environmental, social, and governance performance, you can look to TRC for grounded, actionable, and pragmatic support to advance your climate action, sustainability, and resiliency strategy.<\/p>\n<p><a class=\"btn btn-primary\" href=\"https:\/\/www.trccompanies.com\/services\/engineering\/electrical-power\/power-academy\/contact\/\">Contact Us<\/a><\/p>\n                <\/div>\n                                <\/div>\n\n                    <\/div>\n            <\/div>\n<\/section>\n<!-- End Block: acf\/wysiwyg -->\n\n<!-- Start Block: acf\/innerpage-related-materials -->\n<section class=\"material-cards bg-purple-gradient\">\n    <div class=\"container-fluid js-animated-content animated-content\">\n        <div class=\"material-cards__headlines has-limited-item js-animated-content animated-content\">\n            <div class=\"material-card__content js-animated-content animated-content\">\n                <h3>Links to Executive Orders<\/h3>\n            <\/div>\n            <div class=\"material-card__link\">\n                            <\/div>\n        <\/div>\n        <div class=\"row  js-related-marterial-container \" data-item=\"3\">\n                        <div class=\"col-xxs-12 col-lg-4 material-card-item\">\n                <div class=\"material-card\">\n                                            <div class=\"material-card__details \">\n                            <h5 class=\"material-card__title\">\n                                <img decoding=\"async\" width=\"30\" height=\"30\" src=\"https:\/\/www.trccompanies.com\/wp-content\/uploads\/2024\/08\/picture_as_pdf_24dp-black.svg\" class=\"attachment-full size-full\" alt=\"picture_as_pdf_24dp-black\" \/>                                Executive Order 13990                            <\/h5>\n                            <p class=\"material-card__description\">Publi\u00e9 <\/p>\n                        <\/div>\n                        <div class=\"material-card__bttn\">\n                                                        <a href=\"https:\/\/www.federalregister.gov\/documents\/2021\/01\/25\/2021-01765\/protecting-public-health-and-the-environment-and-restoring-science-to-tackle-the-climate-crisis\" target=\"_blank\"><span>t\u00e9l\u00e9charger le fichier<\/span><img decoding=\"async\" width=\"28\" height=\"28\" src=\"https:\/\/www.trccompanies.com\/wp-content\/uploads\/2024\/08\/sim_card_download_24dp-black.svg\" class=\"attachment-full size-full\" alt=\"sim_card_download_24dp-black\" \/><\/a>\n                        <\/div>\n                                    <\/div>\n            <\/div>\n                        <div class=\"col-xxs-12 col-lg-4 material-card-item\">\n                <div class=\"material-card\">\n                                            <div class=\"material-card__details \">\n                            <h5 class=\"material-card__title\">\n                                <img decoding=\"async\" width=\"30\" height=\"30\" src=\"https:\/\/www.trccompanies.com\/wp-content\/uploads\/2024\/08\/picture_as_pdf_24dp-black.svg\" class=\"attachment-full size-full\" alt=\"picture_as_pdf_24dp-black\" \/>                                Executive Order 14008                            <\/h5>\n                            <p class=\"material-card__description\">Publi\u00e9 <\/p>\n                        <\/div>\n                        <div class=\"material-card__bttn\">\n                                                        <a href=\"https:\/\/www.federalregister.gov\/documents\/2021\/02\/01\/2021-02177\/tackling-the-climate-crisis-at-home-and-abroad\" target=\"_blank\"><span>t\u00e9l\u00e9charger le fichier<\/span><img decoding=\"async\" width=\"28\" height=\"28\" src=\"https:\/\/www.trccompanies.com\/wp-content\/uploads\/2024\/08\/sim_card_download_24dp-black.svg\" class=\"attachment-full size-full\" alt=\"sim_card_download_24dp-black\" \/><\/a>\n                        <\/div>\n                                    <\/div>\n            <\/div>\n                    <\/div>\n\n        <div class=\"material-cards__bottom text-right hidden-lg\">\n                    <\/div>\n    <\/div>\n<\/section>\n<!-- End Block: acf\/innerpage-related-materials -->\n\n<!-- Start Block: acf\/innerpage-cta-bar -->\n<section class=\"global-cta innerpage-cta default\">\n    <div class=\"container-fluid\">\n        <div class=\"global-cta-wrapper  \">\n                                            <h2>Embrassez le changement<\/h2>\n                                <div class=\"global-cta-image\">\n                    <svg xmlns=\"http:\/\/www.w3.org\/2000\/svg\" xmlns:xlink=\"http:\/\/www.w3.org\/1999\/xlink\" width=\"316.566\" height=\"369\" viewBox=\"0 0 316.566 369\">\n                        <defs>\n                            <pattern id=\"pattern\" width=\"1\" height=\"1\" viewBox=\"117.006 0 316.566 369\">\n                                <image preserveAspectRatio=\"xMidYMid slice\" width=\"655.35\" height=\"369\" href=\"https:\/\/www.trccompanies.com\/wp-content\/uploads\/2024\/08\/GettyImages-1216409748-1.jpg\"><\/image>\n                            <\/pattern>\n                        <\/defs>\n                        <path id=\"Union_8\" data-name=\"Union 8\" d=\"M72.087,369,206.869,190.294h109.7L182.891,369ZM0,195.818H68.4l28.66,44.507L68.4,286.43Zm0-10.747L68.4,94.466l28.66,46.1L68.4,185.071Zm205.769-6.365L72.087,0h109.7L316.566,178.706Z\" fill=\"url(#pattern)\"\/>\n                    <\/svg>\n                <\/div>\n                <div class=\"global-cta-content\">\n                    <p>Collaborez avec les praticiens test\u00e9s de TRC<\/p>\n                    <p>\n                        <a href=\"https:\/\/www.trccompanies.com\/contact-us\/\" title=\"Contact Us\" class=\"btn btn-primary\" >Contact Us<\/a>                    <\/p>\n                <\/div>\n                        \n        <\/div>\n    <\/div>\n<\/section>\n\n<!-- End Block: acf\/innerpage-cta-bar -->\n\n<!-- Start Block: acf\/innerpage-news-and-insights -->\n<section class=\"image-cards image-cards--news-and-insights section-margins image-cards--with-slider image-cards--innerpage\">\n    <div class=\"container-fluid\">\n        <div class=\"image-cards__wrap\">\n            <div class=\"image-cards__left\">\n                <div>\n                    <h2>Partager nos perspectives<\/h2>\n<p>Nos praticiens partagent leurs id\u00e9es et leurs points de vue sur les tendances et les d\u00e9fis qui fa\u00e7onnent le march\u00e9.<\/p>\n                <\/div>\n                                <div class=\"image-cards__btn\">\n                    <a href=\"https:\/\/www.trccompanies.com\/insights\/\" title=\"View More\" class=\"btn btn-tertiary\" >View More<\/a>                <\/div>\n                            <\/div>\n                            <div class=\"image-cards__right\">\n                    <div class=\"js-image-cards-slider fx-slider\">\n                                                        <div class=\"image-cards-slider-item fx-slide\">\n                                    <div class=\"image-card\">\n                                        <div class=\"image-card__image\">\n                                            <img decoding=\"async\" width=\"700\" height=\"394\" src=\"https:\/\/www.trccompanies.com\/wp-content\/uploads\/2025\/06\/GettyImages-1350722246-700x394.jpg\" class=\"attachment-homepage-image-card size-homepage-image-card\" alt=\"GettyImages-1350722246-scaled\" srcset=\"https:\/\/www.trccompanies.com\/wp-content\/uploads\/2025\/06\/GettyImages-1350722246-700x394.jpg 700w, https:\/\/www.trccompanies.com\/wp-content\/uploads\/2025\/06\/GettyImages-1350722246-300x169.jpg 300w, https:\/\/www.trccompanies.com\/wp-content\/uploads\/2025\/06\/GettyImages-1350722246-1024x576.jpg 1024w, https:\/\/www.trccompanies.com\/wp-content\/uploads\/2025\/06\/GettyImages-1350722246-768x432.jpg 768w, https:\/\/www.trccompanies.com\/wp-content\/uploads\/2025\/06\/GettyImages-1350722246-1536x864.jpg 1536w, https:\/\/www.trccompanies.com\/wp-content\/uploads\/2025\/06\/GettyImages-1350722246-2048x1152.jpg 2048w, https:\/\/www.trccompanies.com\/wp-content\/uploads\/2025\/06\/GettyImages-1350722246-1067x600.jpg 1067w, https:\/\/www.trccompanies.com\/wp-content\/uploads\/2025\/06\/GettyImages-1350722246-889x500.jpg 889w\" sizes=\"(max-width: 700px) 100vw, 700px\" \/>                                        <\/div>\n                                        <div class=\"image-card__info\">\n                                            <div class=\"image-card__info__top\">\n                                                <a href=\"https:\/\/www.trccompanies.com\/fr\/news-and-insights-category\/insights\/\" class=\"image-card__category\">Insights<\/a>                                                <h3>Reduce Energy Market Risk with the Right Tools, Data and Integration Strategies<\/h3>\n                                                <h4 class=\"hidden-md-down\">juin 27, 2025<\/h4>\n                                                <p class=\"image-card__description\">Explore how global energy market participants can reduce risk and improve forecasting through advanced analytics, integrated data strategies, and real-time insights.<\/p>\n                                            <\/div>\n                                            <div class=\"image-card__info__bottom\">\n                                                <a href=\"https:\/\/www.trccompanies.com\/fr\/insights\/reduce-energy-markets-risk-with-advanced-analytics-and-data\/\" class=\"image-card__link\">En savoir plus<\/a>\n                                            <\/div>\n                                        <\/div>\n                                    <\/div>\n                                <\/div>\n                                                                <div class=\"image-cards-slider-item fx-slide\">\n                                    <div class=\"image-card\">\n                                        <div class=\"image-card__image\">\n                                            <img decoding=\"async\" width=\"700\" height=\"371\" src=\"https:\/\/www.trccompanies.com\/wp-content\/uploads\/2024\/08\/renew.png\" class=\"attachment-homepage-image-card size-homepage-image-card\" alt=\"renew\" srcset=\"https:\/\/www.trccompanies.com\/wp-content\/uploads\/2024\/08\/renew.png 1135w, https:\/\/www.trccompanies.com\/wp-content\/uploads\/2024\/08\/renew-300x159.png 300w, https:\/\/www.trccompanies.com\/wp-content\/uploads\/2024\/08\/renew-1024x542.png 1024w, https:\/\/www.trccompanies.com\/wp-content\/uploads\/2024\/08\/renew-768x407.png 768w, https:\/\/www.trccompanies.com\/wp-content\/uploads\/2024\/08\/renew-1133x600.png 1133w\" sizes=\"(max-width: 700px) 100vw, 700px\" \/>                                        <\/div>\n                                        <div class=\"image-card__info\">\n                                            <div class=\"image-card__info__top\">\n                                                <a href=\"https:\/\/www.trccompanies.com\/fr\/news-and-insights-category\/apercus\/\" class=\"image-card__category\">Aper\u00e7us<\/a>                                                <h3>Transition vers l\u2019abandon des hydrocarbures<\/h3>\n                                                <h4 class=\"hidden-md-down\">mai 15, 2021<\/h4>\n                                                <p class=\"image-card__description\">La transition du p\u00e9trole et du gaz vers les \u00e9nergies renouvelables a n\u00e9cessit\u00e9 des recherches technologiques complexes. La production d\u2019\u00e9nergie durable est devenue une priorit\u00e9 dans le monde entier. Bien que la transition ait \u00e9t\u00e9 lente, les progr\u00e8s technologiques sont prometteurs. Lorsqu\u2019ils abordent une transition \u00e9nerg\u00e9tique, les dirigeants devraient tenir compte de toutes les diff\u00e9rentes avenues possibles et de leurs impacts potentiels. De nombreuses sources d\u2019\u00e9nergie alternatives sont disponibles, chacune avec ses propres avantages et inconv\u00e9nients.    <\/p>\n                                            <\/div>\n                                            <div class=\"image-card__info__bottom\">\n                                                <a href=\"https:\/\/www.trccompanies.com\/fr\/insights\/transition-vers-labandon-des-hydrocarbures\/\" class=\"image-card__link\">En savoir plus<\/a>\n                                            <\/div>\n                                        <\/div>\n                                    <\/div>\n                                <\/div>\n                                                                <div class=\"image-cards-slider-item fx-slide\">\n                                    <div class=\"image-card\">\n                                        <div class=\"image-card__image\">\n                                            <img decoding=\"async\" width=\"700\" height=\"413\" src=\"https:\/\/www.trccompanies.com\/wp-content\/uploads\/2024\/08\/solar-power-plant.png\" class=\"attachment-homepage-image-card size-homepage-image-card\" alt=\"solar-power-plant\" srcset=\"https:\/\/www.trccompanies.com\/wp-content\/uploads\/2024\/08\/solar-power-plant.png 1792w, https:\/\/www.trccompanies.com\/wp-content\/uploads\/2024\/08\/solar-power-plant-300x177.png 300w, https:\/\/www.trccompanies.com\/wp-content\/uploads\/2024\/08\/solar-power-plant-1024x604.png 1024w, https:\/\/www.trccompanies.com\/wp-content\/uploads\/2024\/08\/solar-power-plant-768x453.png 768w, https:\/\/www.trccompanies.com\/wp-content\/uploads\/2024\/08\/solar-power-plant-1536x906.png 1536w, https:\/\/www.trccompanies.com\/wp-content\/uploads\/2024\/08\/solar-power-plant-1017x600.png 1017w\" sizes=\"(max-width: 700px) 100vw, 700px\" \/>                                        <\/div>\n                                        <div class=\"image-card__info\">\n                                            <div class=\"image-card__info__top\">\n                                                <a href=\"https:\/\/www.trccompanies.com\/fr\/news-and-insights-category\/apercus\/\" class=\"image-card__category\">Aper\u00e7us<\/a>                                                <h3>L\u2019\u00e9conomie de la transition vers les \u00e9nergies renouvelables<\/h3>\n                                                <h4 class=\"hidden-md-down\">mai 15, 2021<\/h4>\n                                                <p class=\"image-card__description\">L\u2019un des plus grands obstacles \u00e0 la transition vers les \u00e9nergies renouvelables est la sp\u00e9culation sur son impact \u00e9conomique. Certains craignent que le passage aux \u00e9nergies renouvelables ne provoque une instabilit\u00e9 dans l\u2019\u00e9conomie, entra\u00eenant des pertes d\u2019emplois. De nombreuses communaut\u00e9s \u00e0 travers les \u00c9tats-Unis d\u00e9pendent de l\u2019impact \u00e9conomique de la production, de la fabrication ou de la prise de part \u00e0 l\u2019utilisation d\u2019hydrocarbures.  <\/p>\n                                            <\/div>\n                                            <div class=\"image-card__info__bottom\">\n                                                <a href=\"https:\/\/www.trccompanies.com\/fr\/insights\/leconomie-de-la-transition-vers-les-energies-renouvelables\/\" class=\"image-card__link\">En savoir plus<\/a>\n                                            <\/div>\n                                        <\/div>\n                                    <\/div>\n                                <\/div>\n                                                                <div class=\"image-cards-slider-item fx-slide\">\n                                    <div class=\"image-card\">\n                                        <div class=\"image-card__image\">\n                                            <img decoding=\"async\" width=\"700\" height=\"464\" src=\"https:\/\/www.trccompanies.com\/wp-content\/uploads\/2024\/08\/solar-new-england-700x464.jpg\" class=\"attachment-homepage-image-card size-homepage-image-card\" alt=\"solar-new-england\" srcset=\"https:\/\/www.trccompanies.com\/wp-content\/uploads\/2024\/08\/solar-new-england-700x464.jpg 700w, https:\/\/www.trccompanies.com\/wp-content\/uploads\/2024\/08\/solar-new-england-300x199.jpg 300w, https:\/\/www.trccompanies.com\/wp-content\/uploads\/2024\/08\/solar-new-england-1024x678.jpg 1024w, https:\/\/www.trccompanies.com\/wp-content\/uploads\/2024\/08\/solar-new-england-768x509.jpg 768w, https:\/\/www.trccompanies.com\/wp-content\/uploads\/2024\/08\/solar-new-england-1536x1018.jpg 1536w, https:\/\/www.trccompanies.com\/wp-content\/uploads\/2024\/08\/solar-new-england-2048x1357.jpg 2048w, https:\/\/www.trccompanies.com\/wp-content\/uploads\/2024\/08\/solar-new-england-906x600.jpg 906w, https:\/\/www.trccompanies.com\/wp-content\/uploads\/2024\/08\/solar-new-england-755x500.jpg 755w\" sizes=\"(max-width: 700px) 100vw, 700px\" \/>                                        <\/div>\n                                        <div class=\"image-card__info\">\n                                            <div class=\"image-card__info__top\">\n                                                <a href=\"https:\/\/www.trccompanies.com\/fr\/news-and-insights-category\/insights\/\" class=\"image-card__category\">Insights<\/a>                                                <h3>Transitioning from Hydrocarbons to Renewable Energy<\/h3>\n                                                <h4 class=\"hidden-md-down\">mai 15, 2021<\/h4>\n                                                <p class=\"image-card__description\">This guide details the questions to ask and factors to consider when transitioning from hydrocarbons to renewable energy sources.<\/p>\n                                            <\/div>\n                                            <div class=\"image-card__info__bottom\">\n                                                <a href=\"https:\/\/www.trccompanies.com\/fr\/insights\/complete-guide-transitioning-from-hydrocarbons-to-renewables\/\" class=\"image-card__link\">En savoir plus<\/a>\n                                            <\/div>\n                                        <\/div>\n                                    <\/div>\n                                <\/div>\n                                                                <div class=\"image-cards-slider-item fx-slide\">\n                                    <div class=\"image-card\">\n                                        <div class=\"image-card__image\">\n                                            <img decoding=\"async\" width=\"700\" height=\"475\" src=\"https:\/\/www.trccompanies.com\/wp-content\/uploads\/2024\/08\/9b9c3ca5-connected-field-forward-renewable-energy-700x475.jpg\" class=\"attachment-homepage-image-card size-homepage-image-card\" alt=\"9b9c3ca5-connected-field-forward-renewable-energy\" srcset=\"https:\/\/www.trccompanies.com\/wp-content\/uploads\/2024\/08\/9b9c3ca5-connected-field-forward-renewable-energy-700x475.jpg 700w, https:\/\/www.trccompanies.com\/wp-content\/uploads\/2024\/08\/9b9c3ca5-connected-field-forward-renewable-energy-300x204.jpg 300w, https:\/\/www.trccompanies.com\/wp-content\/uploads\/2024\/08\/9b9c3ca5-connected-field-forward-renewable-energy-1024x695.jpg 1024w, https:\/\/www.trccompanies.com\/wp-content\/uploads\/2024\/08\/9b9c3ca5-connected-field-forward-renewable-energy-768x521.jpg 768w, https:\/\/www.trccompanies.com\/wp-content\/uploads\/2024\/08\/9b9c3ca5-connected-field-forward-renewable-energy-1536x1043.jpg 1536w, https:\/\/www.trccompanies.com\/wp-content\/uploads\/2024\/08\/9b9c3ca5-connected-field-forward-renewable-energy-884x600.jpg 884w, https:\/\/www.trccompanies.com\/wp-content\/uploads\/2024\/08\/9b9c3ca5-connected-field-forward-renewable-energy-737x500.jpg 737w, https:\/\/www.trccompanies.com\/wp-content\/uploads\/2024\/08\/9b9c3ca5-connected-field-forward-renewable-energy.jpg 1600w\" sizes=\"(max-width: 700px) 100vw, 700px\" \/>                                        <\/div>\n                                        <div class=\"image-card__info\">\n                                            <div class=\"image-card__info__top\">\n                                                <a href=\"https:\/\/www.trccompanies.com\/fr\/news-and-insights-category\/videos\/\" class=\"image-card__category\">Videos<\/a>                                                <h3>TRC Talks \u2013 Integrated Solutions for Renewable Energy<\/h3>\n                                                <h4 class=\"hidden-md-down\">avril 7, 2021<\/h4>\n                                                <p class=\"image-card__description\">Close coordination when planning the electrical and civil design components of a renewable energy project is critical to development success. Working with a multi-disciplinary team can streamline approval processes and ensure optimum constructability.<\/p>\n                                            <\/div>\n                                            <div class=\"image-card__info__bottom\">\n                                                <a href=\"https:\/\/www.trccompanies.com\/fr\/insights\/trc-talks-integrated-solutions-for-renewable-energy\/\" class=\"image-card__link\">En savoir plus<\/a>\n                                            <\/div>\n                                        <\/div>\n                                    <\/div>\n                                <\/div>\n                                                                <div class=\"image-cards-slider-item fx-slide\">\n                                    <div class=\"image-card\">\n                                        <div class=\"image-card__image\">\n                                            <img decoding=\"async\" width=\"700\" height=\"466\" src=\"https:\/\/www.trccompanies.com\/wp-content\/uploads\/2024\/08\/GettyImages-1216409748-1-700x466.jpg\" class=\"attachment-homepage-image-card size-homepage-image-card\" alt=\"GettyImages-1216409748-1\" srcset=\"https:\/\/www.trccompanies.com\/wp-content\/uploads\/2024\/08\/GettyImages-1216409748-1-700x466.jpg 700w, https:\/\/www.trccompanies.com\/wp-content\/uploads\/2024\/08\/GettyImages-1216409748-1-300x200.jpg 300w, https:\/\/www.trccompanies.com\/wp-content\/uploads\/2024\/08\/GettyImages-1216409748-1-1024x682.jpg 1024w, https:\/\/www.trccompanies.com\/wp-content\/uploads\/2024\/08\/GettyImages-1216409748-1-768x511.jpg 768w, https:\/\/www.trccompanies.com\/wp-content\/uploads\/2024\/08\/GettyImages-1216409748-1-1536x1023.jpg 1536w, https:\/\/www.trccompanies.com\/wp-content\/uploads\/2024\/08\/GettyImages-1216409748-1-901x600.jpg 901w, https:\/\/www.trccompanies.com\/wp-content\/uploads\/2024\/08\/GettyImages-1216409748-1-751x500.jpg 751w, https:\/\/www.trccompanies.com\/wp-content\/uploads\/2024\/08\/GettyImages-1216409748-1.jpg 2000w\" sizes=\"(max-width: 700px) 100vw, 700px\" \/>                                        <\/div>\n                                        <div class=\"image-card__info\">\n                                            <div class=\"image-card__info__top\">\n                                                <a href=\"https:\/\/www.trccompanies.com\/fr\/news-and-insights-category\/insights\/\" class=\"image-card__category\">Insights<\/a>                                                <h3>The View on Climate Change has Changed in Washington<\/h3>\n                                                <h4 class=\"hidden-md-down\">mars 1, 2021<\/h4>\n                                                <p class=\"image-card__description\">The Biden Administration signals both a renewed and accelerated focus on climate change.<\/p>\n                                            <\/div>\n                                            <div class=\"image-card__info__bottom\">\n                                                <a href=\"https:\/\/www.trccompanies.com\/fr\/insights\/the-view-on-climate-change-has-changed-in-washington\/\" class=\"image-card__link\">En savoir plus<\/a>\n                                            <\/div>\n                                        <\/div>\n                                    <\/div>\n                                <\/div>\n                                                                <div class=\"image-cards-slider-item fx-slide\">\n                                    <div class=\"image-card\">\n                                        <div class=\"image-card__image\">\n                                            <img decoding=\"async\" width=\"700\" height=\"466\" src=\"https:\/\/www.trccompanies.com\/wp-content\/uploads\/2024\/08\/GettyImages-1927102839-1-700x466.jpg\" class=\"attachment-homepage-image-card size-homepage-image-card\" alt=\"GettyImages-1927102839-1\" srcset=\"https:\/\/www.trccompanies.com\/wp-content\/uploads\/2024\/08\/GettyImages-1927102839-1-700x466.jpg 700w, https:\/\/www.trccompanies.com\/wp-content\/uploads\/2024\/08\/GettyImages-1927102839-1-300x200.jpg 300w, https:\/\/www.trccompanies.com\/wp-content\/uploads\/2024\/08\/GettyImages-1927102839-1-1024x682.jpg 1024w, https:\/\/www.trccompanies.com\/wp-content\/uploads\/2024\/08\/GettyImages-1927102839-1-768x512.jpg 768w, https:\/\/www.trccompanies.com\/wp-content\/uploads\/2024\/08\/GettyImages-1927102839-1-1536x1023.jpg 1536w, https:\/\/www.trccompanies.com\/wp-content\/uploads\/2024\/08\/GettyImages-1927102839-1-2048x1364.jpg 2048w, https:\/\/www.trccompanies.com\/wp-content\/uploads\/2024\/08\/GettyImages-1927102839-1-901x600.jpg 901w, https:\/\/www.trccompanies.com\/wp-content\/uploads\/2024\/08\/GettyImages-1927102839-1-751x500.jpg 751w\" sizes=\"(max-width: 700px) 100vw, 700px\" \/>                                        <\/div>\n                                        <div class=\"image-card__info\">\n                                            <div class=\"image-card__info__top\">\n                                                <a href=\"https:\/\/www.trccompanies.com\/fr\/news-and-insights-category\/insights\/\" class=\"image-card__category\">Insights<\/a>                                                <h3>Green Insider Podcast featuring TRC\u2019s Sr. Vice President of Renewables, Matt Beaton<\/h3>\n                                                <h4 class=\"hidden-md-down\">janvier 25, 2021<\/h4>\n                                                <p class=\"image-card__description\">Our experts discuss the challenges of working on the opportunities of offshore wind and hydroelectric power, and strategies to advance broad clean energy reform.<\/p>\n                                            <\/div>\n                                            <div class=\"image-card__info__bottom\">\n                                                <a href=\"https:\/\/www.trccompanies.com\/fr\/insights\/green-insider-podcast-featuring-trcs-sr-vice-president-of-renewables-matt-beaton\/\" class=\"image-card__link\">En savoir plus<\/a>\n                                            <\/div>\n                                        <\/div>\n                                    <\/div>\n                                <\/div>\n                                                                <div class=\"image-cards-slider-item fx-slide\">\n                                    <div class=\"image-card\">\n                                        <div class=\"image-card__image\">\n                                            <img decoding=\"async\" width=\"700\" height=\"394\" src=\"https:\/\/www.trccompanies.com\/wp-content\/uploads\/2024\/08\/d00b3517-robert_moses_niagara_power_plant_01_170320_131114-700x394.webp\" class=\"attachment-homepage-image-card size-homepage-image-card\" alt=\"d00b3517-robert_moses_niagara_power_plant_01_170320_131114\" srcset=\"https:\/\/www.trccompanies.com\/wp-content\/uploads\/2024\/08\/d00b3517-robert_moses_niagara_power_plant_01_170320_131114-700x394.webp 700w, https:\/\/www.trccompanies.com\/wp-content\/uploads\/2024\/08\/d00b3517-robert_moses_niagara_power_plant_01_170320_131114-300x169.webp 300w, https:\/\/www.trccompanies.com\/wp-content\/uploads\/2024\/08\/d00b3517-robert_moses_niagara_power_plant_01_170320_131114-1024x576.webp 1024w, https:\/\/www.trccompanies.com\/wp-content\/uploads\/2024\/08\/d00b3517-robert_moses_niagara_power_plant_01_170320_131114-768x432.webp 768w, https:\/\/www.trccompanies.com\/wp-content\/uploads\/2024\/08\/d00b3517-robert_moses_niagara_power_plant_01_170320_131114-1536x864.webp 1536w, https:\/\/www.trccompanies.com\/wp-content\/uploads\/2024\/08\/d00b3517-robert_moses_niagara_power_plant_01_170320_131114-1067x600.webp 1067w, https:\/\/www.trccompanies.com\/wp-content\/uploads\/2024\/08\/d00b3517-robert_moses_niagara_power_plant_01_170320_131114-889x500.webp 889w, https:\/\/www.trccompanies.com\/wp-content\/uploads\/2024\/08\/d00b3517-robert_moses_niagara_power_plant_01_170320_131114.webp 1792w\" sizes=\"(max-width: 700px) 100vw, 700px\" \/>                                        <\/div>\n                                        <div class=\"image-card__info\">\n                                            <div class=\"image-card__info__top\">\n                                                <a href=\"https:\/\/www.trccompanies.com\/fr\/news-and-insights-category\/insights\/\" class=\"image-card__category\">Insights<\/a>                                                <h3>Seeking a new FERC license for your hydroelectric project? Here are the 2 key questions to ask.<\/h3>\n                                                <h4 class=\"hidden-md-down\">mars 22, 2017<\/h4>\n                                                <p class=\"image-card__description\">Across the U.S., Department of Energy data show that some 2,200 hydroelectric projects produce more than 6 percent of all the electricity we consume, which amounts to more than one-third of all power generated in 2015 from renewable sources. Operations of many existing hydroelectric projects are governed by 30- to 50-year licenses issued by the&hellip;<\/p>\n                                            <\/div>\n                                            <div class=\"image-card__info__bottom\">\n                                                <a href=\"https:\/\/www.trccompanies.com\/fr\/insights\/seeking-a-new-ferc-license-for-your-hydroelectric-project-here-are-the-2-key-questions-to-ask\/\" class=\"image-card__link\">En savoir plus<\/a>\n                                            <\/div>\n                                        <\/div>\n                                    <\/div>\n                                <\/div>\n                                                    <\/div>\n                <\/div>\n                    <\/div>\n    <\/div>\n<\/section>\n<!-- End Block: acf\/innerpage-news-and-insights -->","protected":false},"excerpt":{"rendered":"<p>The Biden Administration signals both a renewed and accelerated focus on climate change.<\/p>\n","protected":false},"featured_media":5958,"template":"","tags":[133,135,160,164,643,598,181,185,187,603,205,212,218,223,224,225,610,613,246,254,631,260,273,274,277,280,282,294,297,298,305,308,312,320,325,327,336,340,346,348,611,351],"news-and-insights-category":[363],"services-category":[1007,1005,1018],"custom_category":[1015,1010,1011,1012],"class_list":["post-1334","news-and-insights","type-news-and-insights","status-publish","has-post-thumbnail","hentry","tag-air-measurement","tag-air-quality-consulting","tag-climate-resilience","tag-commercial","tag-compliance-training","tag-consulting-and-advisory","tag-disaster-recovery","tag-education","tag-ehs-management","tag-environmental-permitting-and-licensing","tag-esg-and-sustainability-advisory-services","tag-gas-utilities","tag-government","tag-healthcare","tag-hydropower","tag-iija","tag-industrial-and-manufacturing","tag-infrastructure-and-transportation","tag-midstream","tag-offshore-wind","tag-oil-gas-and-industrial","tag-onshore-wind","tag-pipeline-integrity","tag-pipelines-and-facilities","tag-ports-and-harbors","tag-power-and-utilities","tag-power-generation","tag-rail-and-transit","tag-real-estate","tag-refining-and-chemicals","tag-renewables","tag-residential","tag-roads-and-highways","tag-solar-power-development","tag-stakeholder-engagement","tag-storm-water","tag-transaction-advisory-services","tag-upstream","tag-waste-water","tag-water","tag-water-resources","tag-water-utilities","news-and-insights-category-insights","services-category-advanced-energy","services-category-electrical-and-power","services-category-renewable-energy","custom_category-government-markets","custom_category-power-utilities-markets","custom_category-transportation-markets","custom_category-water"],"acf":[],"yoast_head":"<!-- This site is optimized with the Yoast SEO plugin v26.9 - https:\/\/yoast.com\/product\/yoast-seo-wordpress\/ -->\n<title>The View on Climate Change has Changed in Washington - TRC Companies<\/title>\n<meta name=\"description\" content=\"The Biden Administration signals both a renewed and accelerated focus on climate change.\" \/>\n<meta name=\"robots\" content=\"index, follow, max-snippet:-1, max-image-preview:large, max-video-preview:-1\" \/>\n<link rel=\"canonical\" href=\"https:\/\/www.trccompanies.com\/fr\/insights\/the-view-on-climate-change-has-changed-in-washington\/\" \/>\n<meta property=\"og:locale\" content=\"fr_CA\" \/>\n<meta property=\"og:type\" content=\"article\" \/>\n<meta property=\"og:title\" content=\"The View on Climate Change has Changed in Washington - TRC Companies\" \/>\n<meta property=\"og:description\" content=\"The Biden Administration signals both a renewed and accelerated focus on climate change.\" \/>\n<meta property=\"og:url\" content=\"https:\/\/www.trccompanies.com\/fr\/insights\/the-view-on-climate-change-has-changed-in-washington\/\" \/>\n<meta property=\"og:site_name\" content=\"TRC Companies\" \/>\n<meta property=\"article:modified_time\" content=\"2024-12-12T14:45:56+00:00\" \/>\n<meta property=\"og:image\" content=\"https:\/\/www.trccompanies.com\/wp-content\/uploads\/2024\/08\/GettyImages-1216409748-1.jpg\" \/>\n\t<meta property=\"og:image:width\" content=\"2000\" \/>\n\t<meta property=\"og:image:height\" content=\"1332\" \/>\n\t<meta property=\"og:image:type\" content=\"image\/jpeg\" \/>\n<meta name=\"twitter:card\" content=\"summary_large_image\" \/>\n<meta name=\"twitter:label1\" content=\"Estimation du temps de lecture\" \/>\n\t<meta name=\"twitter:data1\" content=\"1 minute\" \/>\n<script type=\"application\/ld+json\" class=\"yoast-schema-graph\">{\"@context\":\"https:\/\/schema.org\",\"@graph\":[{\"@type\":\"WebPage\",\"@id\":\"https:\/\/www.trccompanies.com\/fr\/insights\/the-view-on-climate-change-has-changed-in-washington\/\",\"url\":\"https:\/\/www.trccompanies.com\/fr\/insights\/the-view-on-climate-change-has-changed-in-washington\/\",\"name\":\"The View on Climate Change has Changed in Washington - TRC Companies\",\"isPartOf\":{\"@id\":\"https:\/\/www.trccompanies.com\/fr\/#website\"},\"primaryImageOfPage\":{\"@id\":\"https:\/\/www.trccompanies.com\/fr\/insights\/the-view-on-climate-change-has-changed-in-washington\/#primaryimage\"},\"image\":{\"@id\":\"https:\/\/www.trccompanies.com\/fr\/insights\/the-view-on-climate-change-has-changed-in-washington\/#primaryimage\"},\"thumbnailUrl\":\"https:\/\/www.trccompanies.com\/wp-content\/uploads\/2024\/08\/GettyImages-1216409748-1.jpg\",\"datePublished\":\"2021-03-01T16:01:18+00:00\",\"dateModified\":\"2024-12-12T14:45:56+00:00\",\"description\":\"The Biden Administration signals both a renewed and accelerated focus on climate change.\",\"inLanguage\":\"fr-CA\",\"potentialAction\":[{\"@type\":\"ReadAction\",\"target\":[\"https:\/\/www.trccompanies.com\/fr\/insights\/the-view-on-climate-change-has-changed-in-washington\/\"]}]},{\"@type\":\"ImageObject\",\"inLanguage\":\"fr-CA\",\"@id\":\"https:\/\/www.trccompanies.com\/fr\/insights\/the-view-on-climate-change-has-changed-in-washington\/#primaryimage\",\"url\":\"https:\/\/www.trccompanies.com\/wp-content\/uploads\/2024\/08\/GettyImages-1216409748-1.jpg\",\"contentUrl\":\"https:\/\/www.trccompanies.com\/wp-content\/uploads\/2024\/08\/GettyImages-1216409748-1.jpg\",\"width\":2000,\"height\":1332},{\"@type\":\"WebSite\",\"@id\":\"https:\/\/www.trccompanies.com\/fr\/#website\",\"url\":\"https:\/\/www.trccompanies.com\/fr\/\",\"name\":\"TRC Companies\",\"description\":\"\",\"potentialAction\":[{\"@type\":\"SearchAction\",\"target\":{\"@type\":\"EntryPoint\",\"urlTemplate\":\"https:\/\/www.trccompanies.com\/fr\/?s={search_term_string}\"},\"query-input\":{\"@type\":\"PropertyValueSpecification\",\"valueRequired\":true,\"valueName\":\"search_term_string\"}}],\"inLanguage\":\"fr-CA\"}]}<\/script>\n<!-- \/ Yoast SEO plugin. -->","yoast_head_json":{"title":"The View on Climate Change has Changed in Washington - TRC Companies","description":"The Biden Administration signals both a renewed and accelerated focus on climate change.","robots":{"index":"index","follow":"follow","max-snippet":"max-snippet:-1","max-image-preview":"max-image-preview:large","max-video-preview":"max-video-preview:-1"},"canonical":"https:\/\/www.trccompanies.com\/fr\/insights\/the-view-on-climate-change-has-changed-in-washington\/","og_locale":"fr_CA","og_type":"article","og_title":"The View on Climate Change has Changed in Washington - TRC Companies","og_description":"The Biden Administration signals both a renewed and accelerated focus on climate change.","og_url":"https:\/\/www.trccompanies.com\/fr\/insights\/the-view-on-climate-change-has-changed-in-washington\/","og_site_name":"TRC Companies","article_modified_time":"2024-12-12T14:45:56+00:00","og_image":[{"width":2000,"height":1332,"url":"https:\/\/www.trccompanies.com\/wp-content\/uploads\/2024\/08\/GettyImages-1216409748-1.jpg","type":"image\/jpeg"}],"twitter_card":"summary_large_image","twitter_misc":{"Estimation du temps de lecture":"1 minute"},"schema":{"@context":"https:\/\/schema.org","@graph":[{"@type":"WebPage","@id":"https:\/\/www.trccompanies.com\/fr\/insights\/the-view-on-climate-change-has-changed-in-washington\/","url":"https:\/\/www.trccompanies.com\/fr\/insights\/the-view-on-climate-change-has-changed-in-washington\/","name":"The View on Climate Change has Changed in Washington - TRC Companies","isPartOf":{"@id":"https:\/\/www.trccompanies.com\/fr\/#website"},"primaryImageOfPage":{"@id":"https:\/\/www.trccompanies.com\/fr\/insights\/the-view-on-climate-change-has-changed-in-washington\/#primaryimage"},"image":{"@id":"https:\/\/www.trccompanies.com\/fr\/insights\/the-view-on-climate-change-has-changed-in-washington\/#primaryimage"},"thumbnailUrl":"https:\/\/www.trccompanies.com\/wp-content\/uploads\/2024\/08\/GettyImages-1216409748-1.jpg","datePublished":"2021-03-01T16:01:18+00:00","dateModified":"2024-12-12T14:45:56+00:00","description":"The Biden Administration signals both a renewed and accelerated focus on climate change.","inLanguage":"fr-CA","potentialAction":[{"@type":"ReadAction","target":["https:\/\/www.trccompanies.com\/fr\/insights\/the-view-on-climate-change-has-changed-in-washington\/"]}]},{"@type":"ImageObject","inLanguage":"fr-CA","@id":"https:\/\/www.trccompanies.com\/fr\/insights\/the-view-on-climate-change-has-changed-in-washington\/#primaryimage","url":"https:\/\/www.trccompanies.com\/wp-content\/uploads\/2024\/08\/GettyImages-1216409748-1.jpg","contentUrl":"https:\/\/www.trccompanies.com\/wp-content\/uploads\/2024\/08\/GettyImages-1216409748-1.jpg","width":2000,"height":1332},{"@type":"WebSite","@id":"https:\/\/www.trccompanies.com\/fr\/#website","url":"https:\/\/www.trccompanies.com\/fr\/","name":"TRC Companies","description":"","potentialAction":[{"@type":"SearchAction","target":{"@type":"EntryPoint","urlTemplate":"https:\/\/www.trccompanies.com\/fr\/?s={search_term_string}"},"query-input":{"@type":"PropertyValueSpecification","valueRequired":true,"valueName":"search_term_string"}}],"inLanguage":"fr-CA"}]}},"_links":{"self":[{"href":"https:\/\/www.trccompanies.com\/fr\/wp-json\/wp\/v2\/news-and-insights\/1334","targetHints":{"allow":["GET"]}}],"collection":[{"href":"https:\/\/www.trccompanies.com\/fr\/wp-json\/wp\/v2\/news-and-insights"}],"about":[{"href":"https:\/\/www.trccompanies.com\/fr\/wp-json\/wp\/v2\/types\/news-and-insights"}],"version-history":[{"count":0,"href":"https:\/\/www.trccompanies.com\/fr\/wp-json\/wp\/v2\/news-and-insights\/1334\/revisions"}],"wp:featuredmedia":[{"embeddable":true,"href":"https:\/\/www.trccompanies.com\/fr\/wp-json\/wp\/v2\/media\/5958"}],"wp:attachment":[{"href":"https:\/\/www.trccompanies.com\/fr\/wp-json\/wp\/v2\/media?parent=1334"}],"wp:term":[{"taxonomy":"post_tag","embeddable":true,"href":"https:\/\/www.trccompanies.com\/fr\/wp-json\/wp\/v2\/tags?post=1334"},{"taxonomy":"news-and-insights-category","embeddable":true,"href":"https:\/\/www.trccompanies.com\/fr\/wp-json\/wp\/v2\/news-and-insights-category?post=1334"},{"taxonomy":"services-category","embeddable":true,"href":"https:\/\/www.trccompanies.com\/fr\/wp-json\/wp\/v2\/services-category?post=1334"},{"taxonomy":"custom_category","embeddable":true,"href":"https:\/\/www.trccompanies.com\/fr\/wp-json\/wp\/v2\/custom_category?post=1334"}],"curies":[{"name":"wp","href":"https:\/\/api.w.org\/{rel}","templated":true}]}}